{"id":1,"date":"2016-11-24T20:33:29","date_gmt":"2016-11-24T19:33:29","guid":{"rendered":"http:\/\/tactil.org\/book16\/?p=1"},"modified":"2023-12-21T21:57:09","modified_gmt":"2023-12-21T20:57:09","slug":"bnaderole","status":"publish","type":"post","link":"https:\/\/tactil.org\/work\/bnaderole\/","title":{"rendered":"Banderole"},"content":{"rendered":"<p><img loading=\"lazy\" decoding=\"async\" class=\"alignnone wp-image-10 size-full\" src=\"http:\/\/tactil.org\/book16\/wp-content\/uploads\/2016\/11\/banderole_marche_noel.jpg\" alt=\"banderole_marche_noel\" width=\"1000\" height=\"268\" srcset=\"https:\/\/tactil.org\/work\/wp-content\/uploads\/2016\/11\/banderole_marche_noel.jpg 1000w, https:\/\/tactil.org\/work\/wp-content\/uploads\/2016\/11\/banderole_marche_noel-300x80.jpg 300w, https:\/\/tactil.org\/work\/wp-content\/uploads\/2016\/11\/banderole_marche_noel-768x206.jpg 768w, https:\/\/tactil.org\/work\/wp-content\/uploads\/2016\/11\/banderole_marche_noel-973x261.jpg 973w, https:\/\/tactil.org\/work\/wp-content\/uploads\/2016\/11\/banderole_marche_noel-508x136.jpg 508w\" sizes=\"(max-width: 1000px) 100vw, 1000px\" \/>Conception et r\u00e9alisation d&rsquo;une banderole pour annoncer le March\u00e9 de No\u00ebl de Saint-Savinien.<\/p>\n<p>Fabrication de trois exemplaire sur b\u00e2ches<\/p>\n<p>Dimensions 300 x 80 cm<\/p>\n","protected":false},"excerpt":{"rendered":"<p>toto<\/p>\n","protected":false},"author":1,"featured_media":19,"comment_status":"closed","ping_status":"open","sticky":false,"template":"","format":"image","meta":{"_et_pb_use_builder":"","_et_pb_old_content":"","_et_gb_content_width":"","inline_featured_image":false,"footnotes":""},"categories":[1],"tags":[33],"class_list":["post-1","post","type-post","status-publish","format-image","has-post-thumbnail","hentry","category-non-classe","tag-a-la-une","post_format-post-format-image"],"_links":{"self":[{"href":"https:\/\/tactil.org\/work\/wp-json\/wp\/v2\/posts\/1","targetHints":{"allow":["GET"]}}],"collection":[{"href":"https:\/\/tactil.org\/work\/wp-json\/wp\/v2\/posts"}],"about":[{"href":"https:\/\/tactil.org\/work\/wp-json\/wp\/v2\/types\/post"}],"author":[{"embeddable":true,"href":"https:\/\/tactil.org\/work\/wp-json\/wp\/v2\/users\/1"}],"replies":[{"embeddable":true,"href":"https:\/\/tactil.org\/work\/wp-json\/wp\/v2\/comments?post=1"}],"version-history":[{"count":5,"href":"https:\/\/tactil.org\/work\/wp-json\/wp\/v2\/posts\/1\/revisions"}],"predecessor-version":[{"id":878,"href":"https:\/\/tactil.org\/work\/wp-json\/wp\/v2\/posts\/1\/revisions\/878"}],"wp:featuredmedia":[{"embeddable":true,"href":"https:\/\/tactil.org\/work\/wp-json\/wp\/v2\/media\/19"}],"wp:attachment":[{"href":"https:\/\/tactil.org\/work\/wp-json\/wp\/v2\/media?parent=1"}],"wp:term":[{"taxonomy":"category","embeddable":true,"href":"https:\/\/tactil.org\/work\/wp-json\/wp\/v2\/categories?post=1"},{"taxonomy":"post_tag","embeddable":true,"href":"https:\/\/tactil.org\/work\/wp-json\/wp\/v2\/tags?post=1"}],"curies":[{"name":"wp","href":"https:\/\/api.w.org\/{rel}","templated":true}]}}